{"id":727,"date":"2022-01-21T06:42:54","date_gmt":"2022-01-21T05:42:54","guid":{"rendered":"https:\/\/demosites.royal-elementor-addons.com\/winebar-v1\/?p=727"},"modified":"2023-12-12T11:50:40","modified_gmt":"2023-12-12T10:50:40","slug":"dish-degustation","status":"publish","type":"post","link":"https:\/\/le-smart.fr\/en\/dish-degustation\/","title":{"rendered":"Harmonie Parfaite : Accords Mets et Vins au SMART"},"content":{"rendered":"<div data-elementor-type=\"wp-post\" data-elementor-id=\"727\" class=\"elementor elementor-727\">\n\t\t\t\t\t\t<section class=\"elementor-section elementor-top-section elementor-element elementor-element-acb1aed elementor-section-boxed elementor-section-height-default elementor-section-height-default wpr-particle-no wpr-jarallax-no wpr-parallax-no wpr-sticky-section-no\" data-id=\"acb1aed\" data-element_type=\"section\" data-e-type=\"section\">\n\t\t\t\t\t\t<div class=\"elementor-container elementor-column-gap-default\">\n\t\t\t\t\t<div class=\"elementor-column elementor-col-100 elementor-top-column elementor-element elementor-element-54f811d\" data-id=\"54f811d\" data-element_type=\"column\" data-e-type=\"column\">\n\t\t\t<div class=\"elementor-widget-wrap elementor-element-populated\">\n\t\t\t\t\t\t<div class=\"elementor-element elementor-element-3e008cc8 elementor-widget elementor-widget-text-editor\" data-id=\"3e008cc8\" data-element_type=\"widget\" data-e-type=\"widget\" data-widget_type=\"text-editor.default\">\n\t\t\t\t<div class=\"elementor-widget-container\">\n\t\t\t\t\t\t\t\t\t\n<p>Une soir\u00e9e sensorielle attend les amateurs de vin et de gastronomie au SMART. Des chefs \u00e9toil\u00e9s collaborent avec les vignerons pour cr\u00e9er des accords parfaits entre les vins et des plats exquis. Une exp\u00e9rience qui transcende les saveurs et offre un mariage divin entre le terroir et la cuisine d&rsquo;exception.<\/p>\n\t\t\t\t\t\t\t\t<\/div>\n\t\t\t\t<\/div>\n\t\t\t\t\t<\/div>\n\t\t<\/div>\n\t\t\t\t\t<\/div>\n\t\t<\/section>\n\t\t\t\t<\/div>","protected":false},"excerpt":{"rendered":"<p>Une soir\u00e9e sensorielle attend les amateurs de vin et de gastronomie au SMART. Des chefs \u00e9toil\u00e9s collaborent avec les vignerons pour cr\u00e9er des accords parfaits entre les vins et des plats exquis. Une exp\u00e9rience qui transcende les saveurs et offre un mariage divin entre le terroir et la cuisine d&rsquo;exception.<\/p>","protected":false},"author":1,"featured_media":2308,"comment_status":"open","ping_status":"open","sticky":false,"template":"elementor_canvas","format":"standard","meta":{"footnotes":""},"categories":[5],"tags":[],"class_list":["post-727","post","type-post","status-publish","format-standard","has-post-thumbnail","hentry","category-salons-evenements"],"_links":{"self":[{"href":"https:\/\/le-smart.fr\/en\/wp-json\/wp\/v2\/posts\/727","targetHints":{"allow":["GET"]}}],"collection":[{"href":"https:\/\/le-smart.fr\/en\/wp-json\/wp\/v2\/posts"}],"about":[{"href":"https:\/\/le-smart.fr\/en\/wp-json\/wp\/v2\/types\/post"}],"author":[{"embeddable":true,"href":"https:\/\/le-smart.fr\/en\/wp-json\/wp\/v2\/users\/1"}],"replies":[{"embeddable":true,"href":"https:\/\/le-smart.fr\/en\/wp-json\/wp\/v2\/comments?post=727"}],"version-history":[{"count":7,"href":"https:\/\/le-smart.fr\/en\/wp-json\/wp\/v2\/posts\/727\/revisions"}],"predecessor-version":[{"id":1806,"href":"https:\/\/le-smart.fr\/en\/wp-json\/wp\/v2\/posts\/727\/revisions\/1806"}],"wp:featuredmedia":[{"embeddable":true,"href":"https:\/\/le-smart.fr\/en\/wp-json\/wp\/v2\/media\/2308"}],"wp:attachment":[{"href":"https:\/\/le-smart.fr\/en\/wp-json\/wp\/v2\/media?parent=727"}],"wp:term":[{"taxonomy":"category","embeddable":true,"href":"https:\/\/le-smart.fr\/en\/wp-json\/wp\/v2\/categories?post=727"},{"taxonomy":"post_tag","embeddable":true,"href":"https:\/\/le-smart.fr\/en\/wp-json\/wp\/v2\/tags?post=727"}],"curies":[{"name":"wp","href":"https:\/\/api.w.org\/{rel}","templated":true}]}}